{"id":5262,"date":"2023-07-25T14:32:38","date_gmt":"2023-07-25T14:32:38","guid":{"rendered":"https:\/\/changestartsnow.ca\/journee-portes-ouvertes-pour-les-familles-le-23-fevrier-2013\/"},"modified":"2023-09-29T14:04:41","modified_gmt":"2023-09-29T14:04:41","slug":"journee-portes-ouvertes-pour-les-familles-le-23-fevrier-2013","status":"publish","type":"post","link":"https:\/\/changestartsnow.ca\/fr\/journee-portes-ouvertes-pour-les-familles-le-23-fevrier-2013\/","title":{"rendered":"Journ\u00e9e portes ouvertes pour les familles \u2013 le 23 f\u00e9vrier 2013"},"content":{"rendered":"\n<p>L&rsquo;\u00e9v\u00e9nement comprenait des r\u00e9cits africains, de l&rsquo;artisanat li\u00e9 au chemin de fer clandestin et des&#13;\ntambours africains.<\/p>\n\n\n\n\t<section class=\"gallery alignwide-temp\">\n\t\t\n\t\t\t\t\n\t\t\t\n\t\t<div class=\"gallery__wrap owl-carousel\">         \n\t\t\t\t\t\t\t\t\t\t\t<figure class=\"gallery__media\">\n\t\t\t\t\t<img decoding=\"async\" src=\"https:\/\/change_starts_now.storage.googleapis.com\/wp-content\/uploads\/2023\/06\/11150731\/Family-Open-House-Feb-23-2013_91-rotated.jpg\" alt=\"Family Open House. Feb 23 2013.\" class=\"gallery__image\" \/>\n\t\t\t\t\t\t\t\t\t<\/figure>\n\t\t\t\t\t\t\t\t\t\t\t<figure class=\"gallery__media\">\n\t\t\t\t\t<img decoding=\"async\" src=\"https:\/\/change_starts_now.storage.googleapis.com\/wp-content\/uploads\/2023\/06\/11150731\/Family-Open-House-Feb-23-2013_90-rotated.jpg\" alt=\"Family Open House. Feb 23 2013.\" class=\"gallery__image\" \/>\n\t\t\t\t\t\t\t\t\t<\/figure>\n\t\t\t\t\t\t\t\t\t\t\t<figure class=\"gallery__media\">\n\t\t\t\t\t<img decoding=\"async\" src=\"https:\/\/change_starts_now.storage.googleapis.com\/wp-content\/uploads\/2023\/06\/11150731\/Family-Open-House-Feb-23-2013_89-1200x675.jpg\" alt=\"Family Open House. February 23 2013\" class=\"gallery__image\" \/>\n\t\t\t\t\t\t\t\t\t<\/figure>\n\t\t\t\t\t\t\t\t\t\t\t<figure class=\"gallery__media\">\n\t\t\t\t\t<img decoding=\"async\" src=\"https:\/\/change_starts_now.storage.googleapis.com\/wp-content\/uploads\/2023\/06\/11150732\/Family-Open-House-Feb-23-2013_87-1200x675.jpg\" alt=\"Family Open House. February 23 2013\" class=\"gallery__image\" \/>\n\t\t\t\t\t\t\t\t\t<\/figure>\n\t\t\t\t\t\t\t\t\t\t\t<figure class=\"gallery__media\">\n\t\t\t\t\t<img decoding=\"async\" src=\"https:\/\/change_starts_now.storage.googleapis.com\/wp-content\/uploads\/2023\/06\/11150732\/Family-Open-House-Feb-23-2013_86-1200x675.jpg\" alt=\"Family Open House. February 23 2013\" class=\"gallery__image\" \/>\n\t\t\t\t\t\t\t\t\t<\/figure>\n\t\t\t\t\t\t\t\t\t\t\t<figure class=\"gallery__media\">\n\t\t\t\t\t<img decoding=\"async\" src=\"https:\/\/change_starts_now.storage.googleapis.com\/wp-content\/uploads\/2023\/06\/11150732\/Family-Open-House-Feb-23-2013_85-1200x675.jpg\" alt=\"Family Open House. February 23 2013\" class=\"gallery__image\" \/>\n\t\t\t\t\t\t\t\t\t<\/figure>\n\t\t\t\t\t\t\t\t\t\t\t<figure class=\"gallery__media\">\n\t\t\t\t\t<img decoding=\"async\" src=\"https:\/\/change_starts_now.storage.googleapis.com\/wp-content\/uploads\/2023\/06\/11150733\/Family-Open-House-Feb-23-2013_84.jpg\" alt=\"Family Open House. February 23 2013\" class=\"gallery__image\" \/>\n\t\t\t\t\t\t\t\t\t<\/figure>\n\t\t\t\t\t\t\t\t\t\t\t<figure class=\"gallery__media\">\n\t\t\t\t\t<img decoding=\"async\" src=\"https:\/\/change_starts_now.storage.googleapis.com\/wp-content\/uploads\/2023\/06\/11150733\/Family-Open-House-Feb-23-2013_83.jpg\" alt=\"Family Open House. February 23 2013\" class=\"gallery__image\" \/>\n\t\t\t\t\t\t\t\t\t<\/figure>\n\t\t\t\t\t\t\t\t\t\t\t<figure class=\"gallery__media\">\n\t\t\t\t\t<img decoding=\"async\" src=\"https:\/\/change_starts_now.storage.googleapis.com\/wp-content\/uploads\/2023\/06\/11150733\/Family-Open-House-Feb-23-2013_82.jpg\" alt=\"Family Open House. February 23 2013\" class=\"gallery__image\" \/>\n\t\t\t\t\t\t\t\t\t<\/figure>\n\t\t\t\t\t\t\t\t\t\t\t<figure class=\"gallery__media\">\n\t\t\t\t\t<img decoding=\"async\" src=\"https:\/\/change_starts_now.storage.googleapis.com\/wp-content\/uploads\/2023\/06\/11150734\/Family-Open-House-Feb-23-2013_81-1200x1600.jpg\" alt=\"Family Open House. February 23 2013\" class=\"gallery__image\" \/>\n\t\t\t\t\t\t\t\t\t<\/figure>\n\t\t\t\t\t\t\t\t\t\t\t<figure class=\"gallery__media\">\n\t\t\t\t\t<img decoding=\"async\" src=\"https:\/\/change_starts_now.storage.googleapis.com\/wp-content\/uploads\/2023\/06\/11150734\/Family-Open-House-Feb-23-2013_80-1200x900.jpg\" alt=\"Family Open House. February 23 2013\" class=\"gallery__image\" \/>\n\t\t\t\t\t\t\t\t\t<\/figure>\n\t\t\t\t\t\t\t\t\t\t\t<figure class=\"gallery__media\">\n\t\t\t\t\t<img decoding=\"async\" src=\"https:\/\/change_starts_now.storage.googleapis.com\/wp-content\/uploads\/2023\/06\/11150734\/Family-Open-House-Feb-23-2013_79-1200x900.jpg\" alt=\"Family Open House. February 23 2013\" class=\"gallery__image\" \/>\n\t\t\t\t\t\t\t\t\t<\/figure>\n\t\t\t\t\t\t\t\t\t\t\t<figure class=\"gallery__media\">\n\t\t\t\t\t<img decoding=\"async\" src=\"https:\/\/change_starts_now.storage.googleapis.com\/wp-content\/uploads\/2023\/06\/11150735\/Family-Open-House-Feb-23-2013_78-1200x900.jpg\" alt=\"Family Open House. February 23 2013\" class=\"gallery__image\" \/>\n\t\t\t\t\t\t\t\t\t<\/figure>\n\t\t\t\t\t\t\t\t\t\t\t<figure class=\"gallery__media\">\n\t\t\t\t\t<img decoding=\"async\" src=\"https:\/\/change_starts_now.storage.googleapis.com\/wp-content\/uploads\/2023\/06\/11150735\/Family-Open-House-Feb-23-2013_77.jpg\" alt=\"Family Open House. February 23 2013\" class=\"gallery__image\" \/>\n\t\t\t\t\t\t\t\t\t<\/figure>\n\t\t\t\t\t\t\t\t\t\t\t<figure class=\"gallery__media\">\n\t\t\t\t\t<img decoding=\"async\" src=\"https:\/\/change_starts_now.storage.googleapis.com\/wp-content\/uploads\/2023\/06\/11150735\/Family-Open-House-Feb-23-2013_74.jpg\" alt=\"Family Open House. February 23 2013\" class=\"gallery__image\" \/>\n\t\t\t\t\t\t\t\t\t<\/figure>\n\t\t\t\t\t\t\t\t\t\t\t<figure class=\"gallery__media\">\n\t\t\t\t\t<img decoding=\"async\" src=\"https:\/\/change_starts_now.storage.googleapis.com\/wp-content\/uploads\/2023\/06\/11150735\/Family-Open-House-Feb-23-2013_72.jpg\" alt=\"Family Open House. February 23 2013\" class=\"gallery__image\" \/>\n\t\t\t\t\t\t\t\t\t<\/figure>\n\t\t\t\t\t\t\t\t\t\t\t<figure class=\"gallery__media\">\n\t\t\t\t\t<img decoding=\"async\" src=\"https:\/\/change_starts_now.storage.googleapis.com\/wp-content\/uploads\/2023\/06\/11150735\/Family-Open-House-Feb-23-2013_68-1200x797.jpg\" alt=\"Family Open House. February 23 2013\" class=\"gallery__image\" \/>\n\t\t\t\t\t\t\t\t\t<\/figure>\n\t\t\t\t\t\t\t\t\t\t\t<figure class=\"gallery__media\">\n\t\t\t\t\t<img decoding=\"async\" src=\"https:\/\/change_starts_now.storage.googleapis.com\/wp-content\/uploads\/2023\/06\/11150736\/Family-Open-House-Feb-23-2013_67-1200x1807.jpg\" alt=\"Family Open House. February 23 2013\" class=\"gallery__image\" \/>\n\t\t\t\t\t\t\t\t\t<\/figure>\n\t\t\t\t\t\t\t\t\t\t\t<figure class=\"gallery__media\">\n\t\t\t\t\t<img decoding=\"async\" src=\"https:\/\/change_starts_now.storage.googleapis.com\/wp-content\/uploads\/2023\/06\/11150736\/Family-Open-House-Feb-23-2013_66-1200x797.jpg\" alt=\"Family Open House. February 23 2013\" class=\"gallery__image\" \/>\n\t\t\t\t\t\t\t\t\t<\/figure>\n\t\t\t\t\t\t\t\t\t\t\t<figure class=\"gallery__media\">\n\t\t\t\t\t<img decoding=\"async\" src=\"https:\/\/change_starts_now.storage.googleapis.com\/wp-content\/uploads\/2023\/06\/11150737\/Family-Open-House-Feb-23-2013_62-1200x1807.jpg\" alt=\"Family Open House. February 23 2013\" class=\"gallery__image\" \/>\n\t\t\t\t\t\t\t\t\t<\/figure>\n\t\t\t\t\t\t\t\t\t\t\t<figure class=\"gallery__media\">\n\t\t\t\t\t<img decoding=\"async\" src=\"https:\/\/change_starts_now.storage.googleapis.com\/wp-content\/uploads\/2023\/06\/11150737\/Family-Open-House-Feb-23-2013_59-1200x797.jpg\" alt=\"Family Open House. February 23 2013\" class=\"gallery__image\" \/>\n\t\t\t\t\t\t\t\t\t<\/figure>\n\t\t\t\t\t\t\t\t\t\t\t<figure class=\"gallery__media\">\n\t\t\t\t\t<img decoding=\"async\" src=\"https:\/\/change_starts_now.storage.googleapis.com\/wp-content\/uploads\/2023\/06\/11150738\/Family-Open-House-Feb-23-2013_58-1200x1807.jpg\" alt=\"Family Open House. February 23 2013\" class=\"gallery__image\" \/>\n\t\t\t\t\t\t\t\t\t<\/figure>\n\t\t\t\t\t\t\t\t\t\t\t<figure class=\"gallery__media\">\n\t\t\t\t\t<img decoding=\"async\" src=\"https:\/\/change_starts_now.storage.googleapis.com\/wp-content\/uploads\/2023\/06\/11150738\/Family-Open-House-Feb-23-2013_57-1200x1807.jpg\" alt=\"Family Open House. February 23 2013\" class=\"gallery__image\" \/>\n\t\t\t\t\t\t\t\t\t<\/figure>\n\t\t\t\t\t\t\t\t\t\t\t<figure class=\"gallery__media\">\n\t\t\t\t\t<img decoding=\"async\" src=\"https:\/\/change_starts_now.storage.googleapis.com\/wp-content\/uploads\/2023\/06\/11150739\/Family-Open-House-Feb-23-2013_56-1200x1807.jpg\" alt=\"Family Open House. February 23 2013\" class=\"gallery__image\" \/>\n\t\t\t\t\t\t\t\t\t<\/figure>\n\t\t\t\t\t\t\t\t\t\t\t<figure class=\"gallery__media\">\n\t\t\t\t\t<img decoding=\"async\" src=\"https:\/\/change_starts_now.storage.googleapis.com\/wp-content\/uploads\/2023\/06\/11150739\/Family-Open-House-Feb-23-2013_55-1200x1807.jpg\" alt=\"Family Open House. February 23 2013\" class=\"gallery__image\" \/>\n\t\t\t\t\t\t\t\t\t<\/figure>\n\t\t\t\t\t\t\t\t\t\t\t<figure class=\"gallery__media\">\n\t\t\t\t\t<img decoding=\"async\" src=\"https:\/\/change_starts_now.storage.googleapis.com\/wp-content\/uploads\/2023\/06\/11150740\/Family-Open-House-Feb-23-2013_54-1200x1807.jpg\" alt=\"Family Open House. February 23 2013\" class=\"gallery__image\" \/>\n\t\t\t\t\t\t\t\t\t<\/figure>\n\t\t\t\t\t\t\t\t\t\t\t<figure class=\"gallery__media\">\n\t\t\t\t\t<img decoding=\"async\" src=\"https:\/\/change_starts_now.storage.googleapis.com\/wp-content\/uploads\/2023\/06\/11150740\/Family-Open-House-Feb-23-2013_53-1200x1807.jpg\" alt=\"Family Open House. February 23 2013\" class=\"gallery__image\" \/>\n\t\t\t\t\t\t\t\t\t<\/figure>\n\t\t\t\t\t\t\t\t\t\t\t<figure class=\"gallery__media\">\n\t\t\t\t\t<img decoding=\"async\" src=\"https:\/\/change_starts_now.storage.googleapis.com\/wp-content\/uploads\/2023\/06\/11150741\/Family-Open-House-Feb-23-2013_51-1200x797.jpg\" alt=\"Family Open House. February 23 2013\" class=\"gallery__image\" \/>\n\t\t\t\t\t\t\t\t\t<\/figure>\n\t\t\t\t\t\t\t\t\t\t\t<figure class=\"gallery__media\">\n\t\t\t\t\t<img decoding=\"async\" src=\"https:\/\/change_starts_now.storage.googleapis.com\/wp-content\/uploads\/2023\/06\/11150741\/Family-Open-House-Feb-23-2013_50-1200x1807.jpg\" alt=\"Family Open House. February 23 2013\" class=\"gallery__image\" \/>\n\t\t\t\t\t\t\t\t\t<\/figure>\n\t\t\t\t\t\t\t\t\t\t\t<figure class=\"gallery__media\">\n\t\t\t\t\t<img decoding=\"async\" src=\"https:\/\/change_starts_now.storage.googleapis.com\/wp-content\/uploads\/2023\/06\/11150741\/Family-Open-House-Feb-23-2013_49-1200x1807.jpg\" alt=\"Family Open House. February 23 2013\" class=\"gallery__image\" \/>\n\t\t\t\t\t\t\t\t\t<\/figure>\n\t\t\t\t\t\t\t\t\t\t\t<figure class=\"gallery__media\">\n\t\t\t\t\t<img decoding=\"async\" src=\"https:\/\/change_starts_now.storage.googleapis.com\/wp-content\/uploads\/2023\/06\/11150742\/Family-Open-House-Feb-23-2013_48-1200x797.jpg\" alt=\"Family Open House. February 23 2013\" class=\"gallery__image\" \/>\n\t\t\t\t\t\t\t\t\t<\/figure>\n\t\t\t\t\t\t\t\t\t\t\t<figure class=\"gallery__media\">\n\t\t\t\t\t<img decoding=\"async\" src=\"https:\/\/change_starts_now.storage.googleapis.com\/wp-content\/uploads\/2023\/06\/11150742\/Family-Open-House-Feb-23-2013_47-1200x797.jpg\" alt=\"Family Open House. February 23 2013\" class=\"gallery__image\" \/>\n\t\t\t\t\t\t\t\t\t<\/figure>\n\t\t\t\t\t\t\t\t\t\t\t<figure class=\"gallery__media\">\n\t\t\t\t\t<img decoding=\"async\" src=\"https:\/\/change_starts_now.storage.googleapis.com\/wp-content\/uploads\/2023\/06\/11150743\/Family-Open-House-Feb-23-2013_46-1200x1807.jpg\" alt=\"Family Open House. February 23 2013\" class=\"gallery__image\" \/>\n\t\t\t\t\t\t\t\t\t<\/figure>\n\t\t\t\t\t\t\t\t\t\t\t<figure class=\"gallery__media\">\n\t\t\t\t\t<img decoding=\"async\" src=\"https:\/\/change_starts_now.storage.googleapis.com\/wp-content\/uploads\/2023\/06\/11150743\/Family-Open-House-Feb-23-2013_44-1200x797.jpg\" alt=\"Family Open House. February 23 2013\" class=\"gallery__image\" \/>\n\t\t\t\t\t\t\t\t\t<\/figure>\n\t\t\t\t\t\t\t\t\t\t\t<figure class=\"gallery__media\">\n\t\t\t\t\t<img decoding=\"async\" src=\"https:\/\/change_starts_now.storage.googleapis.com\/wp-content\/uploads\/2023\/06\/11150744\/Family-Open-House-Feb-23-2013_42-1200x797.jpg\" alt=\"Family Open House. February 23 2013\" class=\"gallery__image\" \/>\n\t\t\t\t\t\t\t\t\t<\/figure>\n\t\t\t\t\t\t\t\t\t\t\t<figure class=\"gallery__media\">\n\t\t\t\t\t<img decoding=\"async\" src=\"https:\/\/change_starts_now.storage.googleapis.com\/wp-content\/uploads\/2023\/06\/11150744\/Family-Open-House-Feb-23-2013_39-1200x1807.jpg\" alt=\"Family Open House. February 23 2013\" class=\"gallery__image\" \/>\n\t\t\t\t\t\t\t\t\t<\/figure>\n\t\t\t\t\t\t\t\t\t\t\t<figure class=\"gallery__media\">\n\t\t\t\t\t<img decoding=\"async\" src=\"https:\/\/change_starts_now.storage.googleapis.com\/wp-content\/uploads\/2023\/06\/11150744\/Family-Open-House-Feb-23-2013_37-1200x797.jpg\" alt=\"Family Open House. February 23 2013\" class=\"gallery__image\" \/>\n\t\t\t\t\t\t\t\t\t<\/figure>\n\t\t\t\t\t\t\t\t\t\t\t<figure class=\"gallery__media\">\n\t\t\t\t\t<img decoding=\"async\" src=\"https:\/\/change_starts_now.storage.googleapis.com\/wp-content\/uploads\/2023\/06\/11150745\/Family-Open-House-Feb-23-2013_33-1200x797.jpg\" alt=\"Family Open House. February 23 2013\" class=\"gallery__image\" \/>\n\t\t\t\t\t\t\t\t\t<\/figure>\n\t\t\t\t\t\t\t\t\t\t\t<figure class=\"gallery__media\">\n\t\t\t\t\t<img decoding=\"async\" src=\"https:\/\/change_starts_now.storage.googleapis.com\/wp-content\/uploads\/2023\/06\/11150745\/Family-Open-House-Feb-23-2013_28-1200x797.jpg\" alt=\"Family Open House. February 23 2013\" class=\"gallery__image\" \/>\n\t\t\t\t\t\t\t\t\t<\/figure>\n\t\t\t\t\t\t\t\t\t\t\t<figure class=\"gallery__media\">\n\t\t\t\t\t<img decoding=\"async\" src=\"https:\/\/change_starts_now.storage.googleapis.com\/wp-content\/uploads\/2023\/06\/11150746\/Family-Open-House-Feb-23-2013_26-1200x797.jpg\" alt=\"Family Open House. February 23 2013\" class=\"gallery__image\" \/>\n\t\t\t\t\t\t\t\t\t<\/figure>\n\t\t\t\t\t\t\t\t\t\t\t<figure class=\"gallery__media\">\n\t\t\t\t\t<img decoding=\"async\" src=\"https:\/\/change_starts_now.storage.googleapis.com\/wp-content\/uploads\/2023\/06\/11150746\/Family-Open-House-Feb-23-2013_25-1200x797.jpg\" alt=\"Family Open House. February 23 2013\" class=\"gallery__image\" \/>\n\t\t\t\t\t\t\t\t\t<\/figure>\n\t\t\t\t\t\t\t\t\t\t\t<figure class=\"gallery__media\">\n\t\t\t\t\t<img decoding=\"async\" src=\"https:\/\/change_starts_now.storage.googleapis.com\/wp-content\/uploads\/2023\/06\/11150747\/Family-Open-House-Feb-23-2013_24-1200x797.jpg\" alt=\"Family Open House. February 23 2013\" class=\"gallery__image\" \/>\n\t\t\t\t\t\t\t\t\t<\/figure>\n\t\t\t\t\t\t\t\t\t\t\t<figure class=\"gallery__media\">\n\t\t\t\t\t<img decoding=\"async\" src=\"https:\/\/change_starts_now.storage.googleapis.com\/wp-content\/uploads\/2023\/06\/11150747\/Family-Open-House-Feb-23-2013_23-1200x797.jpg\" alt=\"Family Open House. February 23 2013\" class=\"gallery__image\" \/>\n\t\t\t\t\t\t\t\t\t<\/figure>\n\t\t\t\t\t\t\t\t\t\t\t<figure class=\"gallery__media\">\n\t\t\t\t\t<img decoding=\"async\" src=\"https:\/\/change_starts_now.storage.googleapis.com\/wp-content\/uploads\/2023\/06\/11150748\/Family-Open-House-Feb-23-2013_22-1200x1807.jpg\" alt=\"Family Open House. February 23 2013\" class=\"gallery__image\" \/>\n\t\t\t\t\t\t\t\t\t<\/figure>\n\t\t\t\t\t\t\t\t\t\t\t<figure class=\"gallery__media\">\n\t\t\t\t\t<img decoding=\"async\" src=\"https:\/\/change_starts_now.storage.googleapis.com\/wp-content\/uploads\/2023\/06\/11150748\/Family-Open-House-Feb-23-2013_20-1200x797.jpg\" alt=\"Family Open House. February 23 2013\" class=\"gallery__image\" \/>\n\t\t\t\t\t\t\t\t\t<\/figure>\n\t\t\t\t\t\t\t\t\t\t\t<figure class=\"gallery__media\">\n\t\t\t\t\t<img decoding=\"async\" src=\"https:\/\/change_starts_now.storage.googleapis.com\/wp-content\/uploads\/2023\/06\/11150748\/Family-Open-House-Feb-23-2013_17-1200x797.jpg\" alt=\"Family Open House. February 23 2013\" class=\"gallery__image\" \/>\n\t\t\t\t\t\t\t\t\t<\/figure>\n\t\t\t\t\t\t\t\t\t\t\t<figure class=\"gallery__media\">\n\t\t\t\t\t<img decoding=\"async\" src=\"https:\/\/change_starts_now.storage.googleapis.com\/wp-content\/uploads\/2023\/06\/11150749\/Family-Open-House-Feb-23-2013_16-1200x797.jpg\" alt=\"Family Open House. February 23 2013\" class=\"gallery__image\" \/>\n\t\t\t\t\t\t\t\t\t<\/figure>\n\t\t\t\t\t\t\t\t\t\t\t<figure class=\"gallery__media\">\n\t\t\t\t\t<img decoding=\"async\" src=\"https:\/\/change_starts_now.storage.googleapis.com\/wp-content\/uploads\/2023\/06\/11150749\/Family-Open-House-Feb-23-2013_15-1200x797.jpg\" alt=\"Family Open House. February 23 2013\" class=\"gallery__image\" \/>\n\t\t\t\t\t\t\t\t\t<\/figure>\n\t\t\t\t\t\t\t\t\t\t\t<figure class=\"gallery__media\">\n\t\t\t\t\t<img decoding=\"async\" src=\"https:\/\/change_starts_now.storage.googleapis.com\/wp-content\/uploads\/2023\/06\/11150750\/Family-Open-House-Feb-23-2013_12-1200x1807.jpg\" alt=\"Family Open House. February 23 2013\" class=\"gallery__image\" \/>\n\t\t\t\t\t\t\t\t\t<\/figure>\n\t\t\t\t\t\t\t\t\t\t\t<figure class=\"gallery__media\">\n\t\t\t\t\t<img decoding=\"async\" src=\"https:\/\/change_starts_now.storage.googleapis.com\/wp-content\/uploads\/2023\/06\/11150750\/Family-Open-House-Feb-23-2013_8-1200x797.jpg\" alt=\"Family Open House. February 23 2013\" class=\"gallery__image\" \/>\n\t\t\t\t\t\t\t\t\t<\/figure>\n\t\t\t\t\t\t\t\t\t\t\t<figure class=\"gallery__media\">\n\t\t\t\t\t<img decoding=\"async\" src=\"https:\/\/change_starts_now.storage.googleapis.com\/wp-content\/uploads\/2023\/06\/11150751\/Family-Open-House-Feb-23-2013_5-1200x797.jpg\" alt=\"Family Open House. February 23 2013\" class=\"gallery__image\" \/>\n\t\t\t\t\t\t\t\t\t<\/figure>\n\t\t\t\t\t\t\t\t\t\t\t<figure class=\"gallery__media\">\n\t\t\t\t\t<img decoding=\"async\" src=\"https:\/\/change_starts_now.storage.googleapis.com\/wp-content\/uploads\/2023\/06\/11150751\/Family-Open-House-Feb-23-2013_3-1200x797.jpg\" alt=\"Family Open House. February 23 2013\" class=\"gallery__image\" \/>\n\t\t\t\t\t\t\t\t\t<\/figure>\n\t\t\t\t\t\t\t\t\t\t\t<figure class=\"gallery__media\">\n\t\t\t\t\t<img decoding=\"async\" src=\"https:\/\/change_starts_now.storage.googleapis.com\/wp-content\/uploads\/2023\/06\/11150751\/Family-Open-House-Feb-23-2013_2-1200x1807.jpg\" alt=\"Family Open House. February 23 2013\" class=\"gallery__image\" \/>\n\t\t\t\t\t\t\t\t\t<\/figure>\n\t\t\t\t\t\t\t\t\t\t\t<figure class=\"gallery__media\">\n\t\t\t\t\t<img decoding=\"async\" src=\"https:\/\/change_starts_now.storage.googleapis.com\/wp-content\/uploads\/2023\/06\/11150752\/Family-Open-House-Feb-23-2013_1-1200x1807.jpg\" alt=\"Family Open House. February 23 2013\" class=\"gallery__image\" \/>\n\t\t\t\t\t\t\t\t\t<\/figure>\n\t\t\t\t\t<\/div>\n\t\n\t<\/section>\n\n","protected":false},"excerpt":{"rendered":"<p>L&rsquo;\u00e9v\u00e9nement comprenait des r\u00e9cits africains, de l&rsquo;artisanat li\u00e9 au chemin de fer clandestin et des&#13; tambours africains.<\/p>\n","protected":false},"author":4,"featured_media":539,"comment_status":"closed","ping_status":"closed","sticky":false,"template":"","format":"standard","meta":{"_acf_changed":false,"footnotes":""},"categories":[4],"tags":[],"class_list":["post-5262","post","type-post","status-publish","format-standard","has-post-thumbnail","hentry","category-non-classifiee"],"acf":[],"yoast_head":"<!-- This site is optimized with the Yoast SEO plugin v27.5 - https:\/\/yoast.com\/product\/yoast-seo-wordpress\/ -->\n<title>Journ\u00e9e portes ouvertes pour les familles \u2013 le 23 f\u00e9vrier 2013 - #Changestartsnow<\/title>\n<meta name=\"robots\" content=\"index, follow, max-snippet:-1, max-image-preview:large, max-video-preview:-1\" \/>\n<link rel=\"canonical\" href=\"https:\/\/changestartsnow.ca\/fr\/journee-portes-ouvertes-pour-les-familles-le-23-fevrier-2013\/\" \/>\n<meta property=\"og:locale\" content=\"fr_FR\" \/>\n<meta property=\"og:type\" content=\"article\" \/>\n<meta property=\"og:title\" content=\"Journ\u00e9e portes ouvertes pour les familles \u2013 le 23 f\u00e9vrier 2013 - #Changestartsnow\" \/>\n<meta property=\"og:description\" content=\"L&rsquo;\u00e9v\u00e9nement comprenait des r\u00e9cits africains, de l&rsquo;artisanat li\u00e9 au chemin de fer clandestin et des&#013; tambours africains.\" \/>\n<meta property=\"og:url\" content=\"https:\/\/changestartsnow.ca\/fr\/journee-portes-ouvertes-pour-les-familles-le-23-fevrier-2013\/\" \/>\n<meta property=\"og:site_name\" content=\"#Changestartsnow\" \/>\n<meta property=\"article:published_time\" content=\"2023-07-25T14:32:38+00:00\" \/>\n<meta property=\"article:modified_time\" content=\"2023-09-29T14:04:41+00:00\" \/>\n<meta property=\"og:image\" content=\"https:\/\/change_starts_now.storage.googleapis.com\/wp-content\/uploads\/2023\/06\/11150734\/Family-Open-House-Feb-23-2013_79.jpg\" \/>\n\t<meta property=\"og:image:width\" content=\"2048\" \/>\n\t<meta property=\"og:image:height\" content=\"1536\" \/>\n\t<meta property=\"og:image:type\" content=\"image\/jpeg\" \/>\n<meta name=\"author\" content=\"Denise\" \/>\n<meta name=\"twitter:card\" content=\"summary_large_image\" \/>\n<meta name=\"twitter:label1\" content=\"\u00c9crit par\" \/>\n\t<meta name=\"twitter:data1\" content=\"Denise\" \/>\n<script type=\"application\/ld+json\" class=\"yoast-schema-graph\">{\"@context\":\"https:\\\/\\\/schema.org\",\"@graph\":[{\"@type\":\"Article\",\"@id\":\"https:\\\/\\\/changestartsnow.ca\\\/fr\\\/journee-portes-ouvertes-pour-les-familles-le-23-fevrier-2013\\\/#article\",\"isPartOf\":{\"@id\":\"https:\\\/\\\/changestartsnow.ca\\\/fr\\\/journee-portes-ouvertes-pour-les-familles-le-23-fevrier-2013\\\/\"},\"author\":{\"name\":\"Denise\",\"@id\":\"https:\\\/\\\/changestartsnow.tempurl.host\\\/#\\\/schema\\\/person\\\/9368fd72e34433ecf1e8bd076bc9c5c9\"},\"headline\":\"Journ\u00e9e portes ouvertes pour les familles \u2013 le 23 f\u00e9vrier 2013\",\"datePublished\":\"2023-07-25T14:32:38+00:00\",\"dateModified\":\"2023-09-29T14:04:41+00:00\",\"mainEntityOfPage\":{\"@id\":\"https:\\\/\\\/changestartsnow.ca\\\/fr\\\/journee-portes-ouvertes-pour-les-familles-le-23-fevrier-2013\\\/\"},\"wordCount\":31,\"image\":{\"@id\":\"https:\\\/\\\/changestartsnow.ca\\\/fr\\\/journee-portes-ouvertes-pour-les-familles-le-23-fevrier-2013\\\/#primaryimage\"},\"thumbnailUrl\":\"https:\\\/\\\/change_starts_now.storage.googleapis.com\\\/wp-content\\\/uploads\\\/2023\\\/06\\\/11150734\\\/Family-Open-House-Feb-23-2013_79.jpg\",\"articleSection\":[\"Non classifi\u00e9(e)\"],\"inLanguage\":\"fr-FR\"},{\"@type\":\"WebPage\",\"@id\":\"https:\\\/\\\/changestartsnow.ca\\\/fr\\\/journee-portes-ouvertes-pour-les-familles-le-23-fevrier-2013\\\/\",\"url\":\"https:\\\/\\\/changestartsnow.ca\\\/fr\\\/journee-portes-ouvertes-pour-les-familles-le-23-fevrier-2013\\\/\",\"name\":\"Journ\u00e9e portes ouvertes pour les familles \u2013 le 23 f\u00e9vrier 2013 - #Changestartsnow\",\"isPartOf\":{\"@id\":\"https:\\\/\\\/changestartsnow.tempurl.host\\\/#website\"},\"primaryImageOfPage\":{\"@id\":\"https:\\\/\\\/changestartsnow.ca\\\/fr\\\/journee-portes-ouvertes-pour-les-familles-le-23-fevrier-2013\\\/#primaryimage\"},\"image\":{\"@id\":\"https:\\\/\\\/changestartsnow.ca\\\/fr\\\/journee-portes-ouvertes-pour-les-familles-le-23-fevrier-2013\\\/#primaryimage\"},\"thumbnailUrl\":\"https:\\\/\\\/change_starts_now.storage.googleapis.com\\\/wp-content\\\/uploads\\\/2023\\\/06\\\/11150734\\\/Family-Open-House-Feb-23-2013_79.jpg\",\"datePublished\":\"2023-07-25T14:32:38+00:00\",\"dateModified\":\"2023-09-29T14:04:41+00:00\",\"author\":{\"@id\":\"https:\\\/\\\/changestartsnow.tempurl.host\\\/#\\\/schema\\\/person\\\/9368fd72e34433ecf1e8bd076bc9c5c9\"},\"breadcrumb\":{\"@id\":\"https:\\\/\\\/changestartsnow.ca\\\/fr\\\/journee-portes-ouvertes-pour-les-familles-le-23-fevrier-2013\\\/#breadcrumb\"},\"inLanguage\":\"fr-FR\",\"potentialAction\":[{\"@type\":\"ReadAction\",\"target\":[\"https:\\\/\\\/changestartsnow.ca\\\/fr\\\/journee-portes-ouvertes-pour-les-familles-le-23-fevrier-2013\\\/\"]}]},{\"@type\":\"ImageObject\",\"inLanguage\":\"fr-FR\",\"@id\":\"https:\\\/\\\/changestartsnow.ca\\\/fr\\\/journee-portes-ouvertes-pour-les-familles-le-23-fevrier-2013\\\/#primaryimage\",\"url\":\"https:\\\/\\\/change_starts_now.storage.googleapis.com\\\/wp-content\\\/uploads\\\/2023\\\/06\\\/11150734\\\/Family-Open-House-Feb-23-2013_79.jpg\",\"contentUrl\":\"https:\\\/\\\/change_starts_now.storage.googleapis.com\\\/wp-content\\\/uploads\\\/2023\\\/06\\\/11150734\\\/Family-Open-House-Feb-23-2013_79.jpg\",\"width\":2048,\"height\":1536,\"caption\":\"Family Open House. February 23 2013\"},{\"@type\":\"BreadcrumbList\",\"@id\":\"https:\\\/\\\/changestartsnow.ca\\\/fr\\\/journee-portes-ouvertes-pour-les-familles-le-23-fevrier-2013\\\/#breadcrumb\",\"itemListElement\":[{\"@type\":\"ListItem\",\"position\":1,\"name\":\"Home\",\"item\":\"https:\\\/\\\/changestartsnow.tempurl.host\\\/\"},{\"@type\":\"ListItem\",\"position\":2,\"name\":\"Journ\u00e9e portes ouvertes pour les familles \u2013 le 23 f\u00e9vrier 2013\"}]},{\"@type\":\"WebSite\",\"@id\":\"https:\\\/\\\/changestartsnow.tempurl.host\\\/#website\",\"url\":\"https:\\\/\\\/changestartsnow.tempurl.host\\\/\",\"name\":\"#Changestartsnow\",\"description\":\"\",\"potentialAction\":[{\"@type\":\"SearchAction\",\"target\":{\"@type\":\"EntryPoint\",\"urlTemplate\":\"https:\\\/\\\/changestartsnow.tempurl.host\\\/?s={search_term_string}\"},\"query-input\":{\"@type\":\"PropertyValueSpecification\",\"valueRequired\":true,\"valueName\":\"search_term_string\"}}],\"inLanguage\":\"fr-FR\"},{\"@type\":\"Person\",\"@id\":\"https:\\\/\\\/changestartsnow.tempurl.host\\\/#\\\/schema\\\/person\\\/9368fd72e34433ecf1e8bd076bc9c5c9\",\"name\":\"Denise\",\"url\":\"https:\\\/\\\/changestartsnow.ca\\\/fr\\\/author\\\/denise\\\/\"}]}<\/script>\n<!-- \/ Yoast SEO plugin. -->","yoast_head_json":{"title":"Journ\u00e9e portes ouvertes pour les familles \u2013 le 23 f\u00e9vrier 2013 - #Changestartsnow","robots":{"index":"index","follow":"follow","max-snippet":"max-snippet:-1","max-image-preview":"max-image-preview:large","max-video-preview":"max-video-preview:-1"},"canonical":"https:\/\/changestartsnow.ca\/fr\/journee-portes-ouvertes-pour-les-familles-le-23-fevrier-2013\/","og_locale":"fr_FR","og_type":"article","og_title":"Journ\u00e9e portes ouvertes pour les familles \u2013 le 23 f\u00e9vrier 2013 - #Changestartsnow","og_description":"L&rsquo;\u00e9v\u00e9nement comprenait des r\u00e9cits africains, de l&rsquo;artisanat li\u00e9 au chemin de fer clandestin et des&#13; tambours africains.","og_url":"https:\/\/changestartsnow.ca\/fr\/journee-portes-ouvertes-pour-les-familles-le-23-fevrier-2013\/","og_site_name":"#Changestartsnow","article_published_time":"2023-07-25T14:32:38+00:00","article_modified_time":"2023-09-29T14:04:41+00:00","og_image":[{"width":2048,"height":1536,"url":"https:\/\/change_starts_now.storage.googleapis.com\/wp-content\/uploads\/2023\/06\/11150734\/Family-Open-House-Feb-23-2013_79.jpg","type":"image\/jpeg"}],"author":"Denise","twitter_card":"summary_large_image","twitter_misc":{"\u00c9crit par":"Denise"},"schema":{"@context":"https:\/\/schema.org","@graph":[{"@type":"Article","@id":"https:\/\/changestartsnow.ca\/fr\/journee-portes-ouvertes-pour-les-familles-le-23-fevrier-2013\/#article","isPartOf":{"@id":"https:\/\/changestartsnow.ca\/fr\/journee-portes-ouvertes-pour-les-familles-le-23-fevrier-2013\/"},"author":{"name":"Denise","@id":"https:\/\/changestartsnow.tempurl.host\/#\/schema\/person\/9368fd72e34433ecf1e8bd076bc9c5c9"},"headline":"Journ\u00e9e portes ouvertes pour les familles \u2013 le 23 f\u00e9vrier 2013","datePublished":"2023-07-25T14:32:38+00:00","dateModified":"2023-09-29T14:04:41+00:00","mainEntityOfPage":{"@id":"https:\/\/changestartsnow.ca\/fr\/journee-portes-ouvertes-pour-les-familles-le-23-fevrier-2013\/"},"wordCount":31,"image":{"@id":"https:\/\/changestartsnow.ca\/fr\/journee-portes-ouvertes-pour-les-familles-le-23-fevrier-2013\/#primaryimage"},"thumbnailUrl":"https:\/\/change_starts_now.storage.googleapis.com\/wp-content\/uploads\/2023\/06\/11150734\/Family-Open-House-Feb-23-2013_79.jpg","articleSection":["Non classifi\u00e9(e)"],"inLanguage":"fr-FR"},{"@type":"WebPage","@id":"https:\/\/changestartsnow.ca\/fr\/journee-portes-ouvertes-pour-les-familles-le-23-fevrier-2013\/","url":"https:\/\/changestartsnow.ca\/fr\/journee-portes-ouvertes-pour-les-familles-le-23-fevrier-2013\/","name":"Journ\u00e9e portes ouvertes pour les familles \u2013 le 23 f\u00e9vrier 2013 - #Changestartsnow","isPartOf":{"@id":"https:\/\/changestartsnow.tempurl.host\/#website"},"primaryImageOfPage":{"@id":"https:\/\/changestartsnow.ca\/fr\/journee-portes-ouvertes-pour-les-familles-le-23-fevrier-2013\/#primaryimage"},"image":{"@id":"https:\/\/changestartsnow.ca\/fr\/journee-portes-ouvertes-pour-les-familles-le-23-fevrier-2013\/#primaryimage"},"thumbnailUrl":"https:\/\/change_starts_now.storage.googleapis.com\/wp-content\/uploads\/2023\/06\/11150734\/Family-Open-House-Feb-23-2013_79.jpg","datePublished":"2023-07-25T14:32:38+00:00","dateModified":"2023-09-29T14:04:41+00:00","author":{"@id":"https:\/\/changestartsnow.tempurl.host\/#\/schema\/person\/9368fd72e34433ecf1e8bd076bc9c5c9"},"breadcrumb":{"@id":"https:\/\/changestartsnow.ca\/fr\/journee-portes-ouvertes-pour-les-familles-le-23-fevrier-2013\/#breadcrumb"},"inLanguage":"fr-FR","potentialAction":[{"@type":"ReadAction","target":["https:\/\/changestartsnow.ca\/fr\/journee-portes-ouvertes-pour-les-familles-le-23-fevrier-2013\/"]}]},{"@type":"ImageObject","inLanguage":"fr-FR","@id":"https:\/\/changestartsnow.ca\/fr\/journee-portes-ouvertes-pour-les-familles-le-23-fevrier-2013\/#primaryimage","url":"https:\/\/change_starts_now.storage.googleapis.com\/wp-content\/uploads\/2023\/06\/11150734\/Family-Open-House-Feb-23-2013_79.jpg","contentUrl":"https:\/\/change_starts_now.storage.googleapis.com\/wp-content\/uploads\/2023\/06\/11150734\/Family-Open-House-Feb-23-2013_79.jpg","width":2048,"height":1536,"caption":"Family Open House. February 23 2013"},{"@type":"BreadcrumbList","@id":"https:\/\/changestartsnow.ca\/fr\/journee-portes-ouvertes-pour-les-familles-le-23-fevrier-2013\/#breadcrumb","itemListElement":[{"@type":"ListItem","position":1,"name":"Home","item":"https:\/\/changestartsnow.tempurl.host\/"},{"@type":"ListItem","position":2,"name":"Journ\u00e9e portes ouvertes pour les familles \u2013 le 23 f\u00e9vrier 2013"}]},{"@type":"WebSite","@id":"https:\/\/changestartsnow.tempurl.host\/#website","url":"https:\/\/changestartsnow.tempurl.host\/","name":"#Changestartsnow","description":"","potentialAction":[{"@type":"SearchAction","target":{"@type":"EntryPoint","urlTemplate":"https:\/\/changestartsnow.tempurl.host\/?s={search_term_string}"},"query-input":{"@type":"PropertyValueSpecification","valueRequired":true,"valueName":"search_term_string"}}],"inLanguage":"fr-FR"},{"@type":"Person","@id":"https:\/\/changestartsnow.tempurl.host\/#\/schema\/person\/9368fd72e34433ecf1e8bd076bc9c5c9","name":"Denise","url":"https:\/\/changestartsnow.ca\/fr\/author\/denise\/"}]}},"_links":{"self":[{"href":"https:\/\/changestartsnow.ca\/fr\/wp-json\/wp\/v2\/posts\/5262","targetHints":{"allow":["GET"]}}],"collection":[{"href":"https:\/\/changestartsnow.ca\/fr\/wp-json\/wp\/v2\/posts"}],"about":[{"href":"https:\/\/changestartsnow.ca\/fr\/wp-json\/wp\/v2\/types\/post"}],"author":[{"embeddable":true,"href":"https:\/\/changestartsnow.ca\/fr\/wp-json\/wp\/v2\/users\/4"}],"replies":[{"embeddable":true,"href":"https:\/\/changestartsnow.ca\/fr\/wp-json\/wp\/v2\/comments?post=5262"}],"version-history":[{"count":1,"href":"https:\/\/changestartsnow.ca\/fr\/wp-json\/wp\/v2\/posts\/5262\/revisions"}],"predecessor-version":[{"id":5263,"href":"https:\/\/changestartsnow.ca\/fr\/wp-json\/wp\/v2\/posts\/5262\/revisions\/5263"}],"wp:featuredmedia":[{"embeddable":true,"href":"https:\/\/changestartsnow.ca\/fr\/wp-json\/wp\/v2\/media\/539"}],"wp:attachment":[{"href":"https:\/\/changestartsnow.ca\/fr\/wp-json\/wp\/v2\/media?parent=5262"}],"wp:term":[{"taxonomy":"category","embeddable":true,"href":"https:\/\/changestartsnow.ca\/fr\/wp-json\/wp\/v2\/categories?post=5262"},{"taxonomy":"post_tag","embeddable":true,"href":"https:\/\/changestartsnow.ca\/fr\/wp-json\/wp\/v2\/tags?post=5262"}],"curies":[{"name":"wp","href":"https:\/\/api.w.org\/{rel}","templated":true}]}}