{"id":5270,"date":"2023-07-25T18:59:02","date_gmt":"2023-07-25T18:59:02","guid":{"rendered":"https:\/\/changestartsnow.ca\/la-designation-de-la-plaque-du-patrimoine\/"},"modified":"2023-09-29T14:07:21","modified_gmt":"2023-09-29T14:07:21","slug":"la-designation-de-la-plaque-du-patrimoine","status":"publish","type":"post","link":"https:\/\/changestartsnow.ca\/fr\/la-designation-de-la-plaque-du-patrimoine\/","title":{"rendered":"La d\u00e9signation de la plaque du patrimoine"},"content":{"rendered":"\n<p>La mairesse Karen Farbridge a remis aux b\u00e9n\u00e9voles de la Guelph Black Heritage Society la plaque de&#13;\nd\u00e9signation du patrimoine. La ville de Guelph a d\u00e9sign\u00e9 le 83 Essex Street comme bien du patrimoine&#13;\nculturel en raison de son association avec la communaut\u00e9 noire historique de Guelph et du comt\u00e9 de&#13;\nWellington.<\/p>\n\n\n\n\t<section class=\"gallery alignwide-temp\">\n\t\t\n\t\t\t\t\n\t\t\t\n\t\t<div class=\"gallery__wrap owl-carousel\">         \n\t\t\t\t\t\t\t\t\t\t\t<figure class=\"gallery__media\">\n\t\t\t\t\t<img decoding=\"async\" src=\"https:\/\/change_starts_now.storage.googleapis.com\/wp-content\/uploads\/2023\/07\/11150327\/Heritage-Plaque-Designation-Feb-24-2014_1.jpg\" alt=\"BME Heritage Plaque Designation\" class=\"gallery__image\" \/>\n\t\t\t\t\t\t\t\t\t<\/figure>\n\t\t\t\t\t\t\t\t\t\t\t<figure class=\"gallery__media\">\n\t\t\t\t\t<img decoding=\"async\" src=\"https:\/\/change_starts_now.storage.googleapis.com\/wp-content\/uploads\/2023\/07\/11150327\/Heritage-Plaque-Designation-Feb-24-2014_2-1200x900.jpg\" alt=\"Heritage Plaque Designation\" class=\"gallery__image\" \/>\n\t\t\t\t\t\t\t\t\t<\/figure>\n\t\t\t\t\t\t\t\t\t\t\t<figure class=\"gallery__media\">\n\t\t\t\t\t<img decoding=\"async\" src=\"https:\/\/change_starts_now.storage.googleapis.com\/wp-content\/uploads\/2023\/07\/11150328\/Heritage-Plaque-Designation-Feb-24-2014_3-1200x900.jpg\" alt=\"BME Heritage Plaque Designation\" class=\"gallery__image\" \/>\n\t\t\t\t\t\t\t\t\t<\/figure>\n\t\t\t\t\t<\/div>\n\t\n\t<\/section>\n\n","protected":false},"excerpt":{"rendered":"<p>La mairesse Karen Farbridge a remis aux b\u00e9n\u00e9voles de la Guelph Black Heritage Society la plaque de&#13; d\u00e9signation du patrimoine. [&hellip;]<\/p>\n","protected":false},"author":4,"featured_media":1500,"comment_status":"closed","ping_status":"closed","sticky":false,"template":"","format":"standard","meta":{"_acf_changed":false,"footnotes":""},"categories":[4],"tags":[],"class_list":["post-5270","post","type-post","status-publish","format-standard","has-post-thumbnail","hentry","category-non-classifiee"],"acf":[],"yoast_head":"<!-- This site is optimized with the Yoast SEO plugin v27.5 - https:\/\/yoast.com\/product\/yoast-seo-wordpress\/ -->\n<title>La d\u00e9signation de la plaque du patrimoine - #Changestartsnow<\/title>\n<meta name=\"robots\" content=\"index, follow, max-snippet:-1, max-image-preview:large, max-video-preview:-1\" \/>\n<link rel=\"canonical\" href=\"https:\/\/changestartsnow.ca\/fr\/la-designation-de-la-plaque-du-patrimoine\/\" \/>\n<meta property=\"og:locale\" content=\"fr_FR\" \/>\n<meta property=\"og:type\" content=\"article\" \/>\n<meta property=\"og:title\" content=\"La d\u00e9signation de la plaque du patrimoine - #Changestartsnow\" \/>\n<meta property=\"og:description\" content=\"La mairesse Karen Farbridge a remis aux b\u00e9n\u00e9voles de la Guelph Black Heritage Society la plaque de&#013; d\u00e9signation du patrimoine. [&hellip;]\" \/>\n<meta property=\"og:url\" content=\"https:\/\/changestartsnow.ca\/fr\/la-designation-de-la-plaque-du-patrimoine\/\" \/>\n<meta property=\"og:site_name\" content=\"#Changestartsnow\" \/>\n<meta property=\"article:published_time\" content=\"2023-07-25T18:59:02+00:00\" \/>\n<meta property=\"article:modified_time\" content=\"2023-09-29T14:07:21+00:00\" \/>\n<meta property=\"og:image\" content=\"https:\/\/change_starts_now.storage.googleapis.com\/wp-content\/uploads\/2023\/07\/11150327\/Heritage-Plaque-Designation-Feb-24-2014_1.jpg\" \/>\n\t<meta property=\"og:image:width\" content=\"640\" \/>\n\t<meta property=\"og:image:height\" content=\"480\" \/>\n\t<meta property=\"og:image:type\" content=\"image\/jpeg\" \/>\n<meta name=\"author\" content=\"Denise\" \/>\n<meta name=\"twitter:card\" content=\"summary_large_image\" \/>\n<meta name=\"twitter:label1\" content=\"\u00c9crit par\" \/>\n\t<meta name=\"twitter:data1\" content=\"Denise\" \/>\n<script type=\"application\/ld+json\" class=\"yoast-schema-graph\">{\"@context\":\"https:\\\/\\\/schema.org\",\"@graph\":[{\"@type\":\"Article\",\"@id\":\"https:\\\/\\\/changestartsnow.ca\\\/fr\\\/la-designation-de-la-plaque-du-patrimoine\\\/#article\",\"isPartOf\":{\"@id\":\"https:\\\/\\\/changestartsnow.ca\\\/fr\\\/la-designation-de-la-plaque-du-patrimoine\\\/\"},\"author\":{\"name\":\"Denise\",\"@id\":\"https:\\\/\\\/changestartsnow.tempurl.host\\\/#\\\/schema\\\/person\\\/9368fd72e34433ecf1e8bd076bc9c5c9\"},\"headline\":\"La d\u00e9signation de la plaque du patrimoine\",\"datePublished\":\"2023-07-25T18:59:02+00:00\",\"dateModified\":\"2023-09-29T14:07:21+00:00\",\"mainEntityOfPage\":{\"@id\":\"https:\\\/\\\/changestartsnow.ca\\\/fr\\\/la-designation-de-la-plaque-du-patrimoine\\\/\"},\"wordCount\":63,\"image\":{\"@id\":\"https:\\\/\\\/changestartsnow.ca\\\/fr\\\/la-designation-de-la-plaque-du-patrimoine\\\/#primaryimage\"},\"thumbnailUrl\":\"https:\\\/\\\/change_starts_now.storage.googleapis.com\\\/wp-content\\\/uploads\\\/2023\\\/07\\\/11150327\\\/Heritage-Plaque-Designation-Feb-24-2014_1.jpg\",\"articleSection\":[\"Non classifi\u00e9(e)\"],\"inLanguage\":\"fr-FR\"},{\"@type\":\"WebPage\",\"@id\":\"https:\\\/\\\/changestartsnow.ca\\\/fr\\\/la-designation-de-la-plaque-du-patrimoine\\\/\",\"url\":\"https:\\\/\\\/changestartsnow.ca\\\/fr\\\/la-designation-de-la-plaque-du-patrimoine\\\/\",\"name\":\"La d\u00e9signation de la plaque du patrimoine - #Changestartsnow\",\"isPartOf\":{\"@id\":\"https:\\\/\\\/changestartsnow.tempurl.host\\\/#website\"},\"primaryImageOfPage\":{\"@id\":\"https:\\\/\\\/changestartsnow.ca\\\/fr\\\/la-designation-de-la-plaque-du-patrimoine\\\/#primaryimage\"},\"image\":{\"@id\":\"https:\\\/\\\/changestartsnow.ca\\\/fr\\\/la-designation-de-la-plaque-du-patrimoine\\\/#primaryimage\"},\"thumbnailUrl\":\"https:\\\/\\\/change_starts_now.storage.googleapis.com\\\/wp-content\\\/uploads\\\/2023\\\/07\\\/11150327\\\/Heritage-Plaque-Designation-Feb-24-2014_1.jpg\",\"datePublished\":\"2023-07-25T18:59:02+00:00\",\"dateModified\":\"2023-09-29T14:07:21+00:00\",\"author\":{\"@id\":\"https:\\\/\\\/changestartsnow.tempurl.host\\\/#\\\/schema\\\/person\\\/9368fd72e34433ecf1e8bd076bc9c5c9\"},\"breadcrumb\":{\"@id\":\"https:\\\/\\\/changestartsnow.ca\\\/fr\\\/la-designation-de-la-plaque-du-patrimoine\\\/#breadcrumb\"},\"inLanguage\":\"fr-FR\",\"potentialAction\":[{\"@type\":\"ReadAction\",\"target\":[\"https:\\\/\\\/changestartsnow.ca\\\/fr\\\/la-designation-de-la-plaque-du-patrimoine\\\/\"]}]},{\"@type\":\"ImageObject\",\"inLanguage\":\"fr-FR\",\"@id\":\"https:\\\/\\\/changestartsnow.ca\\\/fr\\\/la-designation-de-la-plaque-du-patrimoine\\\/#primaryimage\",\"url\":\"https:\\\/\\\/change_starts_now.storage.googleapis.com\\\/wp-content\\\/uploads\\\/2023\\\/07\\\/11150327\\\/Heritage-Plaque-Designation-Feb-24-2014_1.jpg\",\"contentUrl\":\"https:\\\/\\\/change_starts_now.storage.googleapis.com\\\/wp-content\\\/uploads\\\/2023\\\/07\\\/11150327\\\/Heritage-Plaque-Designation-Feb-24-2014_1.jpg\",\"width\":640,\"height\":480,\"caption\":\"BME Heritage Plaque Designation\"},{\"@type\":\"BreadcrumbList\",\"@id\":\"https:\\\/\\\/changestartsnow.ca\\\/fr\\\/la-designation-de-la-plaque-du-patrimoine\\\/#breadcrumb\",\"itemListElement\":[{\"@type\":\"ListItem\",\"position\":1,\"name\":\"Home\",\"item\":\"https:\\\/\\\/changestartsnow.tempurl.host\\\/\"},{\"@type\":\"ListItem\",\"position\":2,\"name\":\"La d\u00e9signation de la plaque du patrimoine\"}]},{\"@type\":\"WebSite\",\"@id\":\"https:\\\/\\\/changestartsnow.tempurl.host\\\/#website\",\"url\":\"https:\\\/\\\/changestartsnow.tempurl.host\\\/\",\"name\":\"#Changestartsnow\",\"description\":\"\",\"potentialAction\":[{\"@type\":\"SearchAction\",\"target\":{\"@type\":\"EntryPoint\",\"urlTemplate\":\"https:\\\/\\\/changestartsnow.tempurl.host\\\/?s={search_term_string}\"},\"query-input\":{\"@type\":\"PropertyValueSpecification\",\"valueRequired\":true,\"valueName\":\"search_term_string\"}}],\"inLanguage\":\"fr-FR\"},{\"@type\":\"Person\",\"@id\":\"https:\\\/\\\/changestartsnow.tempurl.host\\\/#\\\/schema\\\/person\\\/9368fd72e34433ecf1e8bd076bc9c5c9\",\"name\":\"Denise\",\"url\":\"https:\\\/\\\/changestartsnow.ca\\\/fr\\\/author\\\/denise\\\/\"}]}<\/script>\n<!-- \/ Yoast SEO plugin. -->","yoast_head_json":{"title":"La d\u00e9signation de la plaque du patrimoine - #Changestartsnow","robots":{"index":"index","follow":"follow","max-snippet":"max-snippet:-1","max-image-preview":"max-image-preview:large","max-video-preview":"max-video-preview:-1"},"canonical":"https:\/\/changestartsnow.ca\/fr\/la-designation-de-la-plaque-du-patrimoine\/","og_locale":"fr_FR","og_type":"article","og_title":"La d\u00e9signation de la plaque du patrimoine - #Changestartsnow","og_description":"La mairesse Karen Farbridge a remis aux b\u00e9n\u00e9voles de la Guelph Black Heritage Society la plaque de&#13; d\u00e9signation du patrimoine. [&hellip;]","og_url":"https:\/\/changestartsnow.ca\/fr\/la-designation-de-la-plaque-du-patrimoine\/","og_site_name":"#Changestartsnow","article_published_time":"2023-07-25T18:59:02+00:00","article_modified_time":"2023-09-29T14:07:21+00:00","og_image":[{"width":640,"height":480,"url":"https:\/\/change_starts_now.storage.googleapis.com\/wp-content\/uploads\/2023\/07\/11150327\/Heritage-Plaque-Designation-Feb-24-2014_1.jpg","type":"image\/jpeg"}],"author":"Denise","twitter_card":"summary_large_image","twitter_misc":{"\u00c9crit par":"Denise"},"schema":{"@context":"https:\/\/schema.org","@graph":[{"@type":"Article","@id":"https:\/\/changestartsnow.ca\/fr\/la-designation-de-la-plaque-du-patrimoine\/#article","isPartOf":{"@id":"https:\/\/changestartsnow.ca\/fr\/la-designation-de-la-plaque-du-patrimoine\/"},"author":{"name":"Denise","@id":"https:\/\/changestartsnow.tempurl.host\/#\/schema\/person\/9368fd72e34433ecf1e8bd076bc9c5c9"},"headline":"La d\u00e9signation de la plaque du patrimoine","datePublished":"2023-07-25T18:59:02+00:00","dateModified":"2023-09-29T14:07:21+00:00","mainEntityOfPage":{"@id":"https:\/\/changestartsnow.ca\/fr\/la-designation-de-la-plaque-du-patrimoine\/"},"wordCount":63,"image":{"@id":"https:\/\/changestartsnow.ca\/fr\/la-designation-de-la-plaque-du-patrimoine\/#primaryimage"},"thumbnailUrl":"https:\/\/change_starts_now.storage.googleapis.com\/wp-content\/uploads\/2023\/07\/11150327\/Heritage-Plaque-Designation-Feb-24-2014_1.jpg","articleSection":["Non classifi\u00e9(e)"],"inLanguage":"fr-FR"},{"@type":"WebPage","@id":"https:\/\/changestartsnow.ca\/fr\/la-designation-de-la-plaque-du-patrimoine\/","url":"https:\/\/changestartsnow.ca\/fr\/la-designation-de-la-plaque-du-patrimoine\/","name":"La d\u00e9signation de la plaque du patrimoine - #Changestartsnow","isPartOf":{"@id":"https:\/\/changestartsnow.tempurl.host\/#website"},"primaryImageOfPage":{"@id":"https:\/\/changestartsnow.ca\/fr\/la-designation-de-la-plaque-du-patrimoine\/#primaryimage"},"image":{"@id":"https:\/\/changestartsnow.ca\/fr\/la-designation-de-la-plaque-du-patrimoine\/#primaryimage"},"thumbnailUrl":"https:\/\/change_starts_now.storage.googleapis.com\/wp-content\/uploads\/2023\/07\/11150327\/Heritage-Plaque-Designation-Feb-24-2014_1.jpg","datePublished":"2023-07-25T18:59:02+00:00","dateModified":"2023-09-29T14:07:21+00:00","author":{"@id":"https:\/\/changestartsnow.tempurl.host\/#\/schema\/person\/9368fd72e34433ecf1e8bd076bc9c5c9"},"breadcrumb":{"@id":"https:\/\/changestartsnow.ca\/fr\/la-designation-de-la-plaque-du-patrimoine\/#breadcrumb"},"inLanguage":"fr-FR","potentialAction":[{"@type":"ReadAction","target":["https:\/\/changestartsnow.ca\/fr\/la-designation-de-la-plaque-du-patrimoine\/"]}]},{"@type":"ImageObject","inLanguage":"fr-FR","@id":"https:\/\/changestartsnow.ca\/fr\/la-designation-de-la-plaque-du-patrimoine\/#primaryimage","url":"https:\/\/change_starts_now.storage.googleapis.com\/wp-content\/uploads\/2023\/07\/11150327\/Heritage-Plaque-Designation-Feb-24-2014_1.jpg","contentUrl":"https:\/\/change_starts_now.storage.googleapis.com\/wp-content\/uploads\/2023\/07\/11150327\/Heritage-Plaque-Designation-Feb-24-2014_1.jpg","width":640,"height":480,"caption":"BME Heritage Plaque Designation"},{"@type":"BreadcrumbList","@id":"https:\/\/changestartsnow.ca\/fr\/la-designation-de-la-plaque-du-patrimoine\/#breadcrumb","itemListElement":[{"@type":"ListItem","position":1,"name":"Home","item":"https:\/\/changestartsnow.tempurl.host\/"},{"@type":"ListItem","position":2,"name":"La d\u00e9signation de la plaque du patrimoine"}]},{"@type":"WebSite","@id":"https:\/\/changestartsnow.tempurl.host\/#website","url":"https:\/\/changestartsnow.tempurl.host\/","name":"#Changestartsnow","description":"","potentialAction":[{"@type":"SearchAction","target":{"@type":"EntryPoint","urlTemplate":"https:\/\/changestartsnow.tempurl.host\/?s={search_term_string}"},"query-input":{"@type":"PropertyValueSpecification","valueRequired":true,"valueName":"search_term_string"}}],"inLanguage":"fr-FR"},{"@type":"Person","@id":"https:\/\/changestartsnow.tempurl.host\/#\/schema\/person\/9368fd72e34433ecf1e8bd076bc9c5c9","name":"Denise","url":"https:\/\/changestartsnow.ca\/fr\/author\/denise\/"}]}},"_links":{"self":[{"href":"https:\/\/changestartsnow.ca\/fr\/wp-json\/wp\/v2\/posts\/5270","targetHints":{"allow":["GET"]}}],"collection":[{"href":"https:\/\/changestartsnow.ca\/fr\/wp-json\/wp\/v2\/posts"}],"about":[{"href":"https:\/\/changestartsnow.ca\/fr\/wp-json\/wp\/v2\/types\/post"}],"author":[{"embeddable":true,"href":"https:\/\/changestartsnow.ca\/fr\/wp-json\/wp\/v2\/users\/4"}],"replies":[{"embeddable":true,"href":"https:\/\/changestartsnow.ca\/fr\/wp-json\/wp\/v2\/comments?post=5270"}],"version-history":[{"count":1,"href":"https:\/\/changestartsnow.ca\/fr\/wp-json\/wp\/v2\/posts\/5270\/revisions"}],"predecessor-version":[{"id":5271,"href":"https:\/\/changestartsnow.ca\/fr\/wp-json\/wp\/v2\/posts\/5270\/revisions\/5271"}],"wp:featuredmedia":[{"embeddable":true,"href":"https:\/\/changestartsnow.ca\/fr\/wp-json\/wp\/v2\/media\/1500"}],"wp:attachment":[{"href":"https:\/\/changestartsnow.ca\/fr\/wp-json\/wp\/v2\/media?parent=5270"}],"wp:term":[{"taxonomy":"category","embeddable":true,"href":"https:\/\/changestartsnow.ca\/fr\/wp-json\/wp\/v2\/categories?post=5270"},{"taxonomy":"post_tag","embeddable":true,"href":"https:\/\/changestartsnow.ca\/fr\/wp-json\/wp\/v2\/tags?post=5270"}],"curies":[{"name":"wp","href":"https:\/\/api.w.org\/{rel}","templated":true}]}}